{"id":179,"date":"2009-07-29T18:03:52","date_gmt":"2009-07-29T16:03:52","guid":{"rendered":"http:\/\/www.indregaard.com\/?p=179"},"modified":"2009-07-31T13:04:37","modified_gmt":"2009-07-31T11:04:37","slug":"kun-plass-til-200-til-pa-oslo-helmaraton","status":"publish","type":"post","link":"http:\/\/www.indregaard.com\/?p=179","title":{"rendered":"Kun plass til 200 til p\u00e5 Oslo (hel)maraton"},"content":{"rendered":"<p>2 m\u00e5neder f\u00f8r startskuddet p\u00e5 Oslo Maraton, 27 september, finnes det ca 200 ledige plasser for deltakelse p\u00e5 helmaraton. Det vil si at det i skrivende stund er ca 1300 p\u00e5meldte til distansen!! Man kan vel g\u00e5 ut i fra at de resterende 200 plassene ogs\u00e5 kommer til \u00e5 v\u00e6re fylt opp f\u00f8r l\u00f8psdagen.<\/p>\n<p>Antall deltakere regner jeg med vil f\u00e5 en god \u00f8kning i forhold til i fjor. Mener \u00e5 ha lest at det i 2008 var 6300 som stilte til start og at OM ytret \u00f8nske om \u00e5 passere 8000 i 2009 (6447 pdd). Jo&#8230;, der ser man, antall deltakere har allerede passert fjor\u00e5ret!<\/p>\n<p>Edit 31 juli: Glemte \u00e5 trekke fra sm\u00e5trollene som skal v\u00e6re med p\u00e5 minimaraton s\u00e5 alt som er oppgitt over burde v\u00e6re 70 stk mindre (eller 70 flere ledige plasser p\u00e5 maratondistansen).<\/p>\n","protected":false},"excerpt":{"rendered":"<p>2 m\u00e5neder f\u00f8r startskuddet p\u00e5 Oslo Maraton, 27 september, finnes det ca 200 ledige plasser for deltakelse p\u00e5 helmaraton. Det vil si at det i skrivende stund er ca 1300 p\u00e5meldte til distansen!! Man kan vel g\u00e5 ut i fra at de resterende 200 plassene ogs\u00e5 kommer til \u00e5 v\u00e6re fylt opp f\u00f8r l\u00f8psdagen.<\/p>\n<p>Antall [&#8230;]<\/p>\n","protected":false},"author":1,"featured_media":0,"comment_status":"open","ping_status":"open","sticky":false,"template":"","format":"standard","meta":{"ngg_post_thumbnail":0,"footnotes":""},"categories":[3],"tags":[18],"class_list":["post-179","post","type-post","status-publish","format-standard","hentry","category-maraton","tag-oslo-maraton","odd"],"_links":{"self":[{"href":"http:\/\/www.indregaard.com\/index.php?rest_route=\/wp\/v2\/posts\/179"}],"collection":[{"href":"http:\/\/www.indregaard.com\/index.php?rest_route=\/wp\/v2\/posts"}],"about":[{"href":"http:\/\/www.indregaard.com\/index.php?rest_route=\/wp\/v2\/types\/post"}],"author":[{"embeddable":true,"href":"http:\/\/www.indregaard.com\/index.php?rest_route=\/wp\/v2\/users\/1"}],"replies":[{"embeddable":true,"href":"http:\/\/www.indregaard.com\/index.php?rest_route=%2Fwp%2Fv2%2Fcomments&post=179"}],"version-history":[{"count":3,"href":"http:\/\/www.indregaard.com\/index.php?rest_route=\/wp\/v2\/posts\/179\/revisions"}],"predecessor-version":[{"id":181,"href":"http:\/\/www.indregaard.com\/index.php?rest_route=\/wp\/v2\/posts\/179\/revisions\/181"}],"wp:attachment":[{"href":"http:\/\/www.indregaard.com\/index.php?rest_route=%2Fwp%2Fv2%2Fmedia&parent=179"}],"wp:term":[{"taxonomy":"category","embeddable":true,"href":"http:\/\/www.indregaard.com\/index.php?rest_route=%2Fwp%2Fv2%2Fcategories&post=179"},{"taxonomy":"post_tag","embeddable":true,"href":"http:\/\/www.indregaard.com\/index.php?rest_route=%2Fwp%2Fv2%2Ftags&post=179"}],"curies":[{"name":"wp","href":"https:\/\/api.w.org\/{rel}","templated":true}]}}